{"id":7508,"__str__":"Requerimento n\u00ba 523 de 2019 | Proposi\u00e7\u00e3o inclusa na Ordem do Dia | 31/10/2019","link_detail_backend":"/materia/tramitacao/7508","metadata":{},"timestamp":"2019-11-02T08:51:41.843709-03:00","data_tramitacao":"2019-10-31","data_encaminhamento":"2019-10-31","urgente":false,"turno":"U","texto":"Para aprecia\u00e7\u00e3o \u00fanica","data_fim_prazo":"2019-10-31","ip":"177.19.85.27","ultima_edicao":null,"status":3,"materia":2296,"unidade_tramitacao_local":2,"unidade_tramitacao_destino":1,"user":64}