{"id":8374,"__str__":"Requerimento n\u00ba 113 de 2026","link_detail_backend":"/materia/8374","metadata":{},"numero":113,"ano":2026,"numero_protocolo":null,"data_apresentacao":"2026-02-24","tipo_apresentacao":"E","data_publicacao":null,"numero_origem_externa":"","ano_origem_externa":null,"data_origem_externa":null,"apelido":"","dias_prazo":null,"data_fim_prazo":null,"em_tramitacao":false,"polemica":false,"objeto":"","complementar":false,"ementa":"Requer a constru\u00e7\u00e3o de uma pra\u00e7a com academia ao ar livre na Comunidade do C\u00f3rrego da Isabel, na forma que indica.","indexacao":"","observacao":"","resultado":"","texto_original":null,"data_ultima_atualizacao":"2026-03-12T20:00:40.479161-03:00","ip":"38.211.205.90","ultima_edicao":"2026-02-24T14:03:30.326885-03:00","tipo":3,"regime_tramitacao":1,"tipo_origem_externa":null,"local_origem_externa":null,"user":80,"anexadas":[],"autores":[67]}