{"id":5234,"__str__":"Requerimento n\u00ba 25 de 2023","link_detail_backend":"/materia/5234","metadata":{},"numero":25,"ano":2023,"numero_protocolo":null,"data_apresentacao":"2023-01-26","tipo_apresentacao":"E","data_publicacao":null,"numero_origem_externa":"","ano_origem_externa":null,"data_origem_externa":null,"apelido":"","dias_prazo":null,"data_fim_prazo":null,"em_tramitacao":false,"polemica":false,"objeto":"","complementar":false,"ementa":"Requer a manuten\u00e7\u00e3o da ilumina\u00e7\u00e3o p\u00fablica na  Localidade de Alto das Carna\u00fabas, na forma que  indica.","indexacao":"","observacao":"","resultado":"","texto_original":"http://sapl.beberibe.ce.leg.br/media/sapl/public/materialegislativa/2023/5234/req_025-2023.pdf","data_ultima_atualizacao":"2023-01-27T11:33:58.069473-03:00","ip":"191.37.68.142","ultima_edicao":"2023-01-27T11:20:44.769032-03:00","tipo":3,"regime_tramitacao":1,"tipo_origem_externa":null,"local_origem_externa":null,"user":64,"anexadas":[],"autores":[56]}